{"id":886,"date":"2023-03-13T13:30:45","date_gmt":"2023-03-13T12:30:45","guid":{"rendered":"http:\/\/jeanpierredanel.com\/web\/?p=886"},"modified":"2023-04-03T15:27:05","modified_gmt":"2023-04-03T13:27:05","slug":"sarah-bernhardt-la-voix-royale","status":"publish","type":"post","link":"https:\/\/www.jeanpierredanel.com\/web\/index.php\/2023\/03\/13\/sarah-bernhardt-la-voix-royale\/","title":{"rendered":"Sarah Bernhardt &#8211; La voix royale"},"content":{"rendered":"\n<p class=\"has-black-color has-text-color\">Sortie du livre <strong>SARAH BERNHARDT \u2013 La belle \u00e9toile ou l\u2019invention du star-system<br>Jean-Pierre Danel<\/strong><\/p>\n\n\n\n<p><strong>Parution : 12 avril 2023<\/strong><br><\/p>\n\n\n\n<div class=\"wp-block-columns is-layout-flex wp-container-core-columns-is-layout-9d6595d7 wp-block-columns-is-layout-flex\">\n<div class=\"wp-block-column is-layout-flow wp-block-column-is-layout-flow\" style=\"flex-basis:33.33%\">\n<figure class=\"wp-block-image size-large\"><img fetchpriority=\"high\" decoding=\"async\" width=\"705\" height=\"1024\" src=\"https:\/\/www.jeanpierredanel.com\/web\/wp-content\/uploads\/2023\/01\/Sarah-Bernhardt-La-belle-e\u0301toile-705x1024.jpg\" alt=\"\" class=\"wp-image-921\" srcset=\"https:\/\/www.jeanpierredanel.com\/web\/wp-content\/uploads\/2023\/01\/Sarah-Bernhardt-La-belle-e\u0301toile-705x1024.jpg 705w, https:\/\/www.jeanpierredanel.com\/web\/wp-content\/uploads\/2023\/01\/Sarah-Bernhardt-La-belle-e\u0301toile-207x300.jpg 207w, https:\/\/www.jeanpierredanel.com\/web\/wp-content\/uploads\/2023\/01\/Sarah-Bernhardt-La-belle-e\u0301toile-768x1115.jpg 768w, https:\/\/www.jeanpierredanel.com\/web\/wp-content\/uploads\/2023\/01\/Sarah-Bernhardt-La-belle-e\u0301toile.jpg 831w\" sizes=\"(max-width: 705px) 100vw, 705px\" \/><\/figure>\n\n\n<div class=\"wp-block-image\">\n<figure class=\"aligncenter size-full\"><a href=\"https:\/\/www.amazon.fr\/Sarah-Bernhardt-%C3%89toile-Jean-Pierre-Danel\/dp\/B0BSPLRTPK\/ref=sr_1_1?qid=1680528372&amp;refinements=p_27%3AJean-Pierre+Danel&amp;s=books&amp;sr=1-1\" target=\"_blank\" rel=\"noreferrer noopener\"><img decoding=\"async\" width=\"238\" height=\"37\" src=\"https:\/\/www.jeanpierredanel.com\/web\/wp-content\/uploads\/2023\/03\/buy.png\" alt=\"\" class=\"wp-image-1033\"\/><\/a><\/figure>\n<\/div><\/div>\n\n\n\n<div class=\"wp-block-column is-layout-flow wp-block-column-is-layout-flow\" style=\"flex-basis:66.66%\">\n<p class=\"has-black-color has-text-color\"><strong>SARAH BERNHARDT \u2013 La belle \u00e9toile ou l\u2019invention du star-system<br>Jean-Pierre Danel<\/strong><br>Faisons simple. Sarah Bernhardt est une <em>rock star<\/em>. Avec cent ans d\u2019avance. Un bouleversement artistique, culturel et m\u00e9diatique sans pr\u00e9c\u00e9dent et sans \u00e9quivalent dans son temps.<br>Elle fut la premi\u00e8re star mondiale \u2013 mieux : on a invent\u00e9 le concept pour elle. Adul\u00e9e pour son talent, c\u00e9l\u00e8bre pour ses excentricit\u00e9s et son sens du marketing, elle est le premier ph\u00e9nom\u00e8ne artistique \u00e0 la notori\u00e9t\u00e9 plan\u00e9taire.<br>F\u00e9ministe avant l\u2019heure, dreyfusarde, partisane de l\u2019abolition de la peine de mort, soutien de Louise Michel, directrice de son propre th\u00e9\u00e2tre, demandant \u00e0 jouer pour les Indiens et pour les d\u00e9tenus des prisons am\u00e9ricaines, passionn\u00e9e par les animaux, et par-dessus tout, femme \u00e9perdument libre et affranchie, Sarah Bernhardt est, l\u00e0 encore, tr\u00e8s en avance sur son temps.<br>Elle est une pierre angulaire et une ic\u00f4ne. Plus rien ne fut jamais pareil, apr\u00e8s Sarah Bernhardt. La mode de l\u2019\u00e9poque \u00e9tait aux femmes rondes ; elle d\u00e9clare : <em>\u00ab L\u2019avenir est aux maigres ! \u00bb,<\/em> et bouleverse les canons de beaut\u00e9 f\u00e9minins. Sarah ne se conforme pas aux tendances du monde : elle change le monde.<br>Cent ans apr\u00e8s sa disparition, vous allez voir que Sarah Bernhardt, son talent et sa vie, vont vous surprendre encore, vous \u00e9mouvoir parfois, et vous \u00e9pater \u00e0 coup s\u00fbr.<\/p>\n\n\n\n<p><a href=\"https:\/\/www.jeanpierredanel.com\/web\/index.php\/livre-sarah-bernhardt\/\">En savoir +<\/a><\/p>\n<\/div>\n<\/div>\n\n\n<div class=\"wp-block-image\">\n<figure class=\"aligncenter size-large\"><img decoding=\"async\" width=\"724\" height=\"1024\" src=\"https:\/\/www.jeanpierredanel.com\/web\/wp-content\/uploads\/2023\/01\/Jean-Pierre-Danel-Sarah-Bernhardt-La-belle-e\u0301toile-4e\u0300me-de-couverture-724x1024.jpg\" alt=\"\" class=\"wp-image-922\" srcset=\"https:\/\/www.jeanpierredanel.com\/web\/wp-content\/uploads\/2023\/01\/Jean-Pierre-Danel-Sarah-Bernhardt-La-belle-e\u0301toile-4e\u0300me-de-couverture-724x1024.jpg 724w, https:\/\/www.jeanpierredanel.com\/web\/wp-content\/uploads\/2023\/01\/Jean-Pierre-Danel-Sarah-Bernhardt-La-belle-e\u0301toile-4e\u0300me-de-couverture-212x300.jpg 212w, https:\/\/www.jeanpierredanel.com\/web\/wp-content\/uploads\/2023\/01\/Jean-Pierre-Danel-Sarah-Bernhardt-La-belle-e\u0301toile-4e\u0300me-de-couverture-768x1086.jpg 768w, https:\/\/www.jeanpierredanel.com\/web\/wp-content\/uploads\/2023\/01\/Jean-Pierre-Danel-Sarah-Bernhardt-La-belle-e\u0301toile-4e\u0300me-de-couverture.jpg 833w\" sizes=\"(max-width: 724px) 100vw, 724px\" \/><\/figure>\n<\/div>","protected":false},"excerpt":{"rendered":"<p>Faisons simple. Sarah Bernhardt est une rock star. Avec cent ans d\u2019avance. Un bouleversement artistique, culturel et m\u00e9diatique sans pr\u00e9c\u00e9dent et sans \u00e9quivalent dans son temps. &hellip; <a href=\"https:\/\/www.jeanpierredanel.com\/web\/index.php\/2023\/03\/13\/sarah-bernhardt-la-voix-royale\/\" class=\"more-link\"><span class=\"readmore\">Continue reading<span class=\"screen-reader-text\">Sarah Bernhardt &#8211; La voix royale<\/span><\/span><\/a><\/p>\n","protected":false},"author":1,"featured_media":1050,"comment_status":"closed","ping_status":"closed","sticky":false,"template":"","format":"standard","meta":{"ngg_post_thumbnail":0,"footnotes":""},"categories":[5],"tags":[],"class_list":["post-886","post","type-post","status-publish","format-standard","has-post-thumbnail","hentry","category-actualites"],"_links":{"self":[{"href":"https:\/\/www.jeanpierredanel.com\/web\/index.php\/wp-json\/wp\/v2\/posts\/886","targetHints":{"allow":["GET"]}}],"collection":[{"href":"https:\/\/www.jeanpierredanel.com\/web\/index.php\/wp-json\/wp\/v2\/posts"}],"about":[{"href":"https:\/\/www.jeanpierredanel.com\/web\/index.php\/wp-json\/wp\/v2\/types\/post"}],"author":[{"embeddable":true,"href":"https:\/\/www.jeanpierredanel.com\/web\/index.php\/wp-json\/wp\/v2\/users\/1"}],"replies":[{"embeddable":true,"href":"https:\/\/www.jeanpierredanel.com\/web\/index.php\/wp-json\/wp\/v2\/comments?post=886"}],"version-history":[{"count":5,"href":"https:\/\/www.jeanpierredanel.com\/web\/index.php\/wp-json\/wp\/v2\/posts\/886\/revisions"}],"predecessor-version":[{"id":1123,"href":"https:\/\/www.jeanpierredanel.com\/web\/index.php\/wp-json\/wp\/v2\/posts\/886\/revisions\/1123"}],"wp:featuredmedia":[{"embeddable":true,"href":"https:\/\/www.jeanpierredanel.com\/web\/index.php\/wp-json\/wp\/v2\/media\/1050"}],"wp:attachment":[{"href":"https:\/\/www.jeanpierredanel.com\/web\/index.php\/wp-json\/wp\/v2\/media?parent=886"}],"wp:term":[{"taxonomy":"category","embeddable":true,"href":"https:\/\/www.jeanpierredanel.com\/web\/index.php\/wp-json\/wp\/v2\/categories?post=886"},{"taxonomy":"post_tag","embeddable":true,"href":"https:\/\/www.jeanpierredanel.com\/web\/index.php\/wp-json\/wp\/v2\/tags?post=886"}],"curies":[{"name":"wp","href":"https:\/\/api.w.org\/{rel}","templated":true}]}}